{"id":3323,"date":"2024-09-25T08:21:57","date_gmt":"2024-09-25T08:21:57","guid":{"rendered":"https:\/\/novmar.pl\/?p=3323"},"modified":"2024-09-25T08:23:48","modified_gmt":"2024-09-25T08:23:48","slug":"robocza-narada-przedsiebiorcow-z-przemyslowej-w-balicach-z-wojtami-gmin-zabierzow-i-liszki","status":"publish","type":"post","link":"https:\/\/novmar.pl\/en\/robocza-narada-przedsiebiorcow-z-przemyslowej-w-balicach-z-wojtami-gmin-zabierzow-i-liszki\/","title":{"rendered":"Working meeting of entrepreneurs from Przemys\u0142owa in Balice, with the Mayors of the Communes of Zabierz\u00f3w and Liszki."},"content":{"rendered":"<p>On September 3, 2024, a working meeting of entrepreneurs from Przemys\u0142owa in Balice was held in Balice, <strong>Mayors of the Communes of Zabierz\u00f3w and Liszki.<\/strong><\/p>\n\n\n\n<p>The participants were presidents or vice presidents of the following companies located in the area of Przemys\u0142owa Street in Balice, in the Zabierz\u00f3w Commune on the border with the Liszki Commune. <strong>Consultronix, Del-Zaw, Galeco<\/strong>, <strong>Hampton by Hilton Hotel, Rock Maste, Soley, BWI Research and Development Center, Wanta<\/strong>, <strong>Krakowpol<\/strong>, <strong>Novmar Sp. z o. o.<\/strong>&nbsp;<\/p>\n\n\n\n<p>The guests of the entrepreneurs were the mayors of the following communes: Zabierz\u00f3w <strong>Dorota K\u0119sek<\/strong> and Liszek \u2013 <strong>Wojciech Starowicz<\/strong>The host and initiator of the meeting was Novmar Sp. z o. o., and the discussion was led by the company&#039;s president <strong>Wies\u0142aw Nowak<\/strong>.<\/p>\n\n\n\n<p>The meeting enjoyed great interest. This type of forum had not been held in the past in our region, and the interest in such a discussion is evidenced by the almost 100% attendance of invited participants. The mayors of both Communes were accompanied by the heads of the departments dealing with municipal economy.<\/p>\n\n\n\n<p>During the two hours of the working session, there was a lively, substantive and objective discussion about the most important problems that concern the business community in Balice. The most space was taken up by the issues, very painfully felt by everyone, the lack of a sanitary sewage system and the prospects for expanding the sewage treatment plant in Liszki, as well as the possibility of connecting to the Krakow municipal sewage system. The authorities of both communes declared their understanding and support for the submitted postulates, at the same time explaining the lack of appropriate funds, with the very high costs of building the necessary network, amounting to millions.&nbsp;<\/p>\n\n\n\n<figure class=\"wp-block-image aligncenter size-large\"><img fetchpriority=\"high\" decoding=\"async\" width=\"687\" height=\"1024\" src=\"https:\/\/novmar.pl\/wp-content\/uploads\/2024\/09\/narada-1-687x1024.webp\" alt=\"\" class=\"wp-image-3324\" srcset=\"https:\/\/novmar.pl\/wp-content\/uploads\/2024\/09\/narada-1-687x1024.webp 687w, https:\/\/novmar.pl\/wp-content\/uploads\/2024\/09\/narada-1-201x300.webp 201w, https:\/\/novmar.pl\/wp-content\/uploads\/2024\/09\/narada-1-8x12.webp 8w, https:\/\/novmar.pl\/wp-content\/uploads\/2024\/09\/narada-1.webp 738w\" sizes=\"(max-width: 687px) 100vw, 687px\" \/><\/figure>\n\n\n\n<p><\/p>\n\n\n\n<figure class=\"wp-block-image aligncenter size-large\"><img decoding=\"async\" width=\"768\" height=\"1024\" src=\"https:\/\/novmar.pl\/wp-content\/uploads\/2024\/09\/narada-2-768x1024.webp\" alt=\"\" class=\"wp-image-3325\" srcset=\"https:\/\/novmar.pl\/wp-content\/uploads\/2024\/09\/narada-2-768x1024.webp 768w, https:\/\/novmar.pl\/wp-content\/uploads\/2024\/09\/narada-2-225x300.webp 225w, https:\/\/novmar.pl\/wp-content\/uploads\/2024\/09\/narada-2-9x12.webp 9w, https:\/\/novmar.pl\/wp-content\/uploads\/2024\/09\/narada-2.webp 960w\" sizes=\"(max-width: 768px) 100vw, 768px\" \/><\/figure>\n\n\n\n<p><\/p>\n\n\n\n<figure class=\"wp-block-image aligncenter size-large\"><img decoding=\"async\" width=\"768\" height=\"1024\" src=\"https:\/\/novmar.pl\/wp-content\/uploads\/2024\/09\/narada-3-768x1024.webp\" alt=\"\" class=\"wp-image-3326\" srcset=\"https:\/\/novmar.pl\/wp-content\/uploads\/2024\/09\/narada-3-768x1024.webp 768w, https:\/\/novmar.pl\/wp-content\/uploads\/2024\/09\/narada-3-225x300.webp 225w, https:\/\/novmar.pl\/wp-content\/uploads\/2024\/09\/narada-3-9x12.webp 9w, https:\/\/novmar.pl\/wp-content\/uploads\/2024\/09\/narada-3.webp 960w\" sizes=\"(max-width: 768px) 100vw, 768px\" \/><\/figure>\n\n\n\n<p><\/p>\n\n\n\n<figure class=\"wp-block-image aligncenter size-large\"><img loading=\"lazy\" decoding=\"async\" width=\"768\" height=\"1024\" src=\"https:\/\/novmar.pl\/wp-content\/uploads\/2024\/09\/narada-4-768x1024.webp\" alt=\"\" class=\"wp-image-3327\" srcset=\"https:\/\/novmar.pl\/wp-content\/uploads\/2024\/09\/narada-4-768x1024.webp 768w, https:\/\/novmar.pl\/wp-content\/uploads\/2024\/09\/narada-4-225x300.webp 225w, https:\/\/novmar.pl\/wp-content\/uploads\/2024\/09\/narada-4-9x12.webp 9w, https:\/\/novmar.pl\/wp-content\/uploads\/2024\/09\/narada-4.webp 960w\" sizes=\"(max-width: 768px) 100vw, 768px\" \/><\/figure>\n\n\n\n<p><\/p>\n\n\n\n<figure class=\"wp-block-image aligncenter size-large\"><img loading=\"lazy\" decoding=\"async\" width=\"768\" height=\"1024\" src=\"https:\/\/novmar.pl\/wp-content\/uploads\/2024\/09\/narada-5-768x1024.webp\" alt=\"\" class=\"wp-image-3328\" srcset=\"https:\/\/novmar.pl\/wp-content\/uploads\/2024\/09\/narada-5-768x1024.webp 768w, https:\/\/novmar.pl\/wp-content\/uploads\/2024\/09\/narada-5-225x300.webp 225w, https:\/\/novmar.pl\/wp-content\/uploads\/2024\/09\/narada-5-9x12.webp 9w, https:\/\/novmar.pl\/wp-content\/uploads\/2024\/09\/narada-5.webp 960w\" sizes=\"(max-width: 768px) 100vw, 768px\" \/><\/figure>","protected":false},"excerpt":{"rendered":"<p>On 03.09.2024 in Balice, a working meeting of entrepreneurs from Przemys\u0142owa in Balice, with the Mayors of the Zabierz\u00f3w and Liszki Communes, took place. The presidents or vice presidents of the following companies located in the area of Przemys\u0142owa Street in Balice, in the Zabierz\u00f3w Commune at the border with the Liszki Commune, participated. Consultronix, Del -Zaw, Galeco, Hotel Hampton by Hilton, Rock Maste, Soley, Centrum Badawczo Rozwojowe [\u2026]<\/p>","protected":false},"author":2,"featured_media":3324,"comment_status":"open","ping_status":"open","sticky":false,"template":"","format":"standard","meta":{"site-sidebar-layout":"default","site-content-layout":"","ast-site-content-layout":"default","site-content-style":"default","site-sidebar-style":"default","ast-global-header-display":"","ast-banner-title-visibility":"","ast-main-header-display":"","ast-hfb-above-header-display":"","ast-hfb-below-header-display":"","ast-hfb-mobile-header-display":"","site-post-title":"","ast-breadcrumbs-content":"","ast-featured-img":"","footer-sml-layout":"","theme-transparent-header-meta":"","adv-header-id-meta":"","stick-header-meta":"","header-above-stick-meta":"","header-main-stick-meta":"","header-below-stick-meta":"","astra-migrate-meta-layouts":"set","ast-page-background-enabled":"default","ast-page-background-meta":{"desktop":{"background-color":"var(--ast-global-color-4)","background-image":"","background-repeat":"repeat","background-position":"center center","background-size":"auto","background-attachment":"scroll","background-type":"","background-media":"","overlay-type":"","overlay-color":"","overlay-opacity":"","overlay-gradient":""},"tablet":{"background-color":"","background-image":"","background-repeat":"repeat","background-position":"center center","background-size":"auto","background-attachment":"scroll","background-type":"","background-media":"","overlay-type":"","overlay-color":"","overlay-opacity":"","overlay-gradient":""},"mobile":{"background-color":"","background-image":"","background-repeat":"repeat","background-position":"center center","background-size":"auto","background-attachment":"scroll","background-type":"","background-media":"","overlay-type":"","overlay-color":"","overlay-opacity":"","overlay-gradient":""}},"ast-content-background-meta":{"desktop":{"background-color":"var(--ast-global-color-5)","background-image":"","background-repeat":"repeat","background-position":"center center","background-size":"auto","background-attachment":"scroll","background-type":"","background-media":"","overlay-type":"","overlay-color":"","overlay-opacity":"","overlay-gradient":""},"tablet":{"background-color":"var(--ast-global-color-5)","background-image":"","background-repeat":"repeat","background-position":"center center","background-size":"auto","background-attachment":"scroll","background-type":"","background-media":"","overlay-type":"","overlay-color":"","overlay-opacity":"","overlay-gradient":""},"mobile":{"background-color":"var(--ast-global-color-5)","background-image":"","background-repeat":"repeat","background-position":"center center","background-size":"auto","background-attachment":"scroll","background-type":"","background-media":"","overlay-type":"","overlay-color":"","overlay-opacity":"","overlay-gradient":""}},"footnotes":""},"categories":[1],"tags":[],"class_list":["post-3323","post","type-post","status-publish","format-standard","has-post-thumbnail","hentry","category-uncategorized"],"acf":[],"yoast_head":"<!-- This site is optimized with the Yoast SEO plugin v23.7 - https:\/\/yoast.com\/wordpress\/plugins\/seo\/ -->\n<title>Robocza narada przedsi\u0119biorc\u00f3w z Przemys\u0142owej w Balicach, z W\u00f3jtami Gmin Zabierz\u00f3w i Liszki. - Novmar<\/title>\n<meta name=\"robots\" content=\"index, follow, max-snippet:-1, max-image-preview:large, max-video-preview:-1\" \/>\n<link rel=\"canonical\" href=\"https:\/\/novmar.pl\/en\/robocza-narada-przedsiebiorcow-z-przemyslowej-w-balicach-z-wojtami-gmin-zabierzow-i-liszki\/\" \/>\n<meta property=\"og:locale\" content=\"en_US\" \/>\n<meta property=\"og:type\" content=\"article\" \/>\n<meta property=\"og:title\" content=\"Robocza narada przedsi\u0119biorc\u00f3w z Przemys\u0142owej w Balicach, z W\u00f3jtami Gmin Zabierz\u00f3w i Liszki. - Novmar\" \/>\n<meta property=\"og:description\" content=\"Dnia 03.09.2024 w Balicach odby\u0142a si\u0119 narada robocza przedsi\u0119biorc\u00f3w z Przemys\u0142owej w Balicach, z W\u00f3jtami Gmin Zabierz\u00f3w i Liszki. Uczestniczyli prezesi b\u0105d\u017a wiceprezesi nast\u0119puj\u0105cych firm zlokalizowanych w rejonie ul. Przemys\u0142owej w Balicach, na terenie Gminy Zabierz\u00f3w na styku z Gmin\u0105 Liszki. Consultronix, Del -Zaw, Galeco, Hotel Hampton by Hilton, Rock Maste, Soley, Centrum Badawczo Rozwojowe [&hellip;]\" \/>\n<meta property=\"og:url\" content=\"https:\/\/novmar.pl\/en\/robocza-narada-przedsiebiorcow-z-przemyslowej-w-balicach-z-wojtami-gmin-zabierzow-i-liszki\/\" \/>\n<meta property=\"og:site_name\" content=\"Novmar\" \/>\n<meta property=\"article:published_time\" content=\"2024-09-25T08:21:57+00:00\" \/>\n<meta property=\"article:modified_time\" content=\"2024-09-25T08:23:48+00:00\" \/>\n<meta property=\"og:image\" content=\"https:\/\/novmar.pl\/wp-content\/uploads\/2024\/09\/narada-1.webp\" \/>\n\t<meta property=\"og:image:width\" content=\"738\" \/>\n\t<meta property=\"og:image:height\" content=\"1100\" \/>\n\t<meta property=\"og:image:type\" content=\"image\/webp\" \/>\n<meta name=\"author\" content=\"novmar_office\" \/>\n<meta name=\"twitter:card\" content=\"summary_large_image\" \/>\n<meta name=\"twitter:label1\" content=\"Written by\" \/>\n\t<meta name=\"twitter:data1\" content=\"novmar_office\" \/>\n\t<meta name=\"twitter:label2\" content=\"Est. reading time\" \/>\n\t<meta name=\"twitter:data2\" content=\"3 minutes\" \/>\n<script type=\"application\/ld+json\" class=\"yoast-schema-graph\">{\"@context\":\"https:\/\/schema.org\",\"@graph\":[{\"@type\":\"Article\",\"@id\":\"https:\/\/novmar.pl\/robocza-narada-przedsiebiorcow-z-przemyslowej-w-balicach-z-wojtami-gmin-zabierzow-i-liszki\/#article\",\"isPartOf\":{\"@id\":\"https:\/\/novmar.pl\/robocza-narada-przedsiebiorcow-z-przemyslowej-w-balicach-z-wojtami-gmin-zabierzow-i-liszki\/\"},\"author\":{\"name\":\"novmar_office\",\"@id\":\"https:\/\/novmar.pl\/#\/schema\/person\/80bb6c61d61a080aa5b4fe56a5e4e40a\"},\"headline\":\"Robocza narada przedsi\u0119biorc\u00f3w z Przemys\u0142owej w Balicach, z W\u00f3jtami Gmin Zabierz\u00f3w i Liszki.\",\"datePublished\":\"2024-09-25T08:21:57+00:00\",\"dateModified\":\"2024-09-25T08:23:48+00:00\",\"mainEntityOfPage\":{\"@id\":\"https:\/\/novmar.pl\/robocza-narada-przedsiebiorcow-z-przemyslowej-w-balicach-z-wojtami-gmin-zabierzow-i-liszki\/\"},\"wordCount\":275,\"commentCount\":0,\"publisher\":{\"@id\":\"https:\/\/novmar.pl\/#organization\"},\"image\":{\"@id\":\"https:\/\/novmar.pl\/robocza-narada-przedsiebiorcow-z-przemyslowej-w-balicach-z-wojtami-gmin-zabierzow-i-liszki\/#primaryimage\"},\"thumbnailUrl\":\"https:\/\/novmar.pl\/wp-content\/uploads\/2024\/09\/narada-1.webp\",\"inLanguage\":\"en-US\",\"potentialAction\":[{\"@type\":\"CommentAction\",\"name\":\"Comment\",\"target\":[\"https:\/\/novmar.pl\/robocza-narada-przedsiebiorcow-z-przemyslowej-w-balicach-z-wojtami-gmin-zabierzow-i-liszki\/#respond\"]}]},{\"@type\":\"WebPage\",\"@id\":\"https:\/\/novmar.pl\/robocza-narada-przedsiebiorcow-z-przemyslowej-w-balicach-z-wojtami-gmin-zabierzow-i-liszki\/\",\"url\":\"https:\/\/novmar.pl\/robocza-narada-przedsiebiorcow-z-przemyslowej-w-balicach-z-wojtami-gmin-zabierzow-i-liszki\/\",\"name\":\"Robocza narada przedsi\u0119biorc\u00f3w z Przemys\u0142owej w Balicach, z W\u00f3jtami Gmin Zabierz\u00f3w i Liszki. - Novmar\",\"isPartOf\":{\"@id\":\"https:\/\/novmar.pl\/#website\"},\"primaryImageOfPage\":{\"@id\":\"https:\/\/novmar.pl\/robocza-narada-przedsiebiorcow-z-przemyslowej-w-balicach-z-wojtami-gmin-zabierzow-i-liszki\/#primaryimage\"},\"image\":{\"@id\":\"https:\/\/novmar.pl\/robocza-narada-przedsiebiorcow-z-przemyslowej-w-balicach-z-wojtami-gmin-zabierzow-i-liszki\/#primaryimage\"},\"thumbnailUrl\":\"https:\/\/novmar.pl\/wp-content\/uploads\/2024\/09\/narada-1.webp\",\"datePublished\":\"2024-09-25T08:21:57+00:00\",\"dateModified\":\"2024-09-25T08:23:48+00:00\",\"breadcrumb\":{\"@id\":\"https:\/\/novmar.pl\/robocza-narada-przedsiebiorcow-z-przemyslowej-w-balicach-z-wojtami-gmin-zabierzow-i-liszki\/#breadcrumb\"},\"inLanguage\":\"en-US\",\"potentialAction\":[{\"@type\":\"ReadAction\",\"target\":[\"https:\/\/novmar.pl\/robocza-narada-przedsiebiorcow-z-przemyslowej-w-balicach-z-wojtami-gmin-zabierzow-i-liszki\/\"]}]},{\"@type\":\"ImageObject\",\"inLanguage\":\"en-US\",\"@id\":\"https:\/\/novmar.pl\/robocza-narada-przedsiebiorcow-z-przemyslowej-w-balicach-z-wojtami-gmin-zabierzow-i-liszki\/#primaryimage\",\"url\":\"https:\/\/novmar.pl\/wp-content\/uploads\/2024\/09\/narada-1.webp\",\"contentUrl\":\"https:\/\/novmar.pl\/wp-content\/uploads\/2024\/09\/narada-1.webp\",\"width\":738,\"height\":1100},{\"@type\":\"BreadcrumbList\",\"@id\":\"https:\/\/novmar.pl\/robocza-narada-przedsiebiorcow-z-przemyslowej-w-balicach-z-wojtami-gmin-zabierzow-i-liszki\/#breadcrumb\",\"itemListElement\":[{\"@type\":\"ListItem\",\"position\":1,\"name\":\"Novmar\",\"item\":\"https:\/\/novmar.pl\/\"},{\"@type\":\"ListItem\",\"position\":2,\"name\":\"Robocza narada przedsi\u0119biorc\u00f3w z Przemys\u0142owej w Balicach, z W\u00f3jtami Gmin Zabierz\u00f3w i Liszki.\"}]},{\"@type\":\"WebSite\",\"@id\":\"https:\/\/novmar.pl\/#website\",\"url\":\"https:\/\/novmar.pl\/\",\"name\":\"Novmar\",\"description\":\"Nasz priorytet to jako\u015b\u0107\",\"publisher\":{\"@id\":\"https:\/\/novmar.pl\/#organization\"},\"potentialAction\":[{\"@type\":\"SearchAction\",\"target\":{\"@type\":\"EntryPoint\",\"urlTemplate\":\"https:\/\/novmar.pl\/?s={search_term_string}\"},\"query-input\":{\"@type\":\"PropertyValueSpecification\",\"valueRequired\":true,\"valueName\":\"search_term_string\"}}],\"inLanguage\":\"en-US\"},{\"@type\":\"Organization\",\"@id\":\"https:\/\/novmar.pl\/#organization\",\"name\":\"Novmar\",\"url\":\"https:\/\/novmar.pl\/\",\"logo\":{\"@type\":\"ImageObject\",\"inLanguage\":\"en-US\",\"@id\":\"https:\/\/novmar.pl\/#\/schema\/logo\/image\/\",\"url\":\"https:\/\/novmar.pl\/wp-content\/uploads\/2022\/06\/logo-novmar-1.png\",\"contentUrl\":\"https:\/\/novmar.pl\/wp-content\/uploads\/2022\/06\/logo-novmar-1.png\",\"width\":258,\"height\":69,\"caption\":\"Novmar\"},\"image\":{\"@id\":\"https:\/\/novmar.pl\/#\/schema\/logo\/image\/\"}},{\"@type\":\"Person\",\"@id\":\"https:\/\/novmar.pl\/#\/schema\/person\/80bb6c61d61a080aa5b4fe56a5e4e40a\",\"name\":\"novmar_office\",\"image\":{\"@type\":\"ImageObject\",\"inLanguage\":\"en-US\",\"@id\":\"https:\/\/novmar.pl\/#\/schema\/person\/image\/\",\"url\":\"https:\/\/secure.gravatar.com\/avatar\/2184aa5f0aa07e6f8912c62465e3731c9add21c25b435bb8f20136e814d86daa?s=96&d=mm&r=g\",\"contentUrl\":\"https:\/\/secure.gravatar.com\/avatar\/2184aa5f0aa07e6f8912c62465e3731c9add21c25b435bb8f20136e814d86daa?s=96&d=mm&r=g\",\"caption\":\"novmar_office\"}}]}<\/script>\n<!-- \/ Yoast SEO plugin. -->","yoast_head_json":{"title":"Robocza narada przedsi\u0119biorc\u00f3w z Przemys\u0142owej w Balicach, z W\u00f3jtami Gmin Zabierz\u00f3w i Liszki. - Novmar","robots":{"index":"index","follow":"follow","max-snippet":"max-snippet:-1","max-image-preview":"max-image-preview:large","max-video-preview":"max-video-preview:-1"},"canonical":"https:\/\/novmar.pl\/en\/robocza-narada-przedsiebiorcow-z-przemyslowej-w-balicach-z-wojtami-gmin-zabierzow-i-liszki\/","og_locale":"en_US","og_type":"article","og_title":"Robocza narada przedsi\u0119biorc\u00f3w z Przemys\u0142owej w Balicach, z W\u00f3jtami Gmin Zabierz\u00f3w i Liszki. - Novmar","og_description":"Dnia 03.09.2024 w Balicach odby\u0142a si\u0119 narada robocza przedsi\u0119biorc\u00f3w z Przemys\u0142owej w Balicach, z W\u00f3jtami Gmin Zabierz\u00f3w i Liszki. Uczestniczyli prezesi b\u0105d\u017a wiceprezesi nast\u0119puj\u0105cych firm zlokalizowanych w rejonie ul. Przemys\u0142owej w Balicach, na terenie Gminy Zabierz\u00f3w na styku z Gmin\u0105 Liszki. Consultronix, Del -Zaw, Galeco, Hotel Hampton by Hilton, Rock Maste, Soley, Centrum Badawczo Rozwojowe [&hellip;]","og_url":"https:\/\/novmar.pl\/en\/robocza-narada-przedsiebiorcow-z-przemyslowej-w-balicach-z-wojtami-gmin-zabierzow-i-liszki\/","og_site_name":"Novmar","article_published_time":"2024-09-25T08:21:57+00:00","article_modified_time":"2024-09-25T08:23:48+00:00","og_image":[{"width":738,"height":1100,"url":"https:\/\/novmar.pl\/wp-content\/uploads\/2024\/09\/narada-1.webp","type":"image\/webp"}],"author":"novmar_office","twitter_card":"summary_large_image","twitter_misc":{"Written by":"novmar_office","Est. reading time":"3 minutes"},"schema":{"@context":"https:\/\/schema.org","@graph":[{"@type":"Article","@id":"https:\/\/novmar.pl\/robocza-narada-przedsiebiorcow-z-przemyslowej-w-balicach-z-wojtami-gmin-zabierzow-i-liszki\/#article","isPartOf":{"@id":"https:\/\/novmar.pl\/robocza-narada-przedsiebiorcow-z-przemyslowej-w-balicach-z-wojtami-gmin-zabierzow-i-liszki\/"},"author":{"name":"novmar_office","@id":"https:\/\/novmar.pl\/#\/schema\/person\/80bb6c61d61a080aa5b4fe56a5e4e40a"},"headline":"Robocza narada przedsi\u0119biorc\u00f3w z Przemys\u0142owej w Balicach, z W\u00f3jtami Gmin Zabierz\u00f3w i Liszki.","datePublished":"2024-09-25T08:21:57+00:00","dateModified":"2024-09-25T08:23:48+00:00","mainEntityOfPage":{"@id":"https:\/\/novmar.pl\/robocza-narada-przedsiebiorcow-z-przemyslowej-w-balicach-z-wojtami-gmin-zabierzow-i-liszki\/"},"wordCount":275,"commentCount":0,"publisher":{"@id":"https:\/\/novmar.pl\/#organization"},"image":{"@id":"https:\/\/novmar.pl\/robocza-narada-przedsiebiorcow-z-przemyslowej-w-balicach-z-wojtami-gmin-zabierzow-i-liszki\/#primaryimage"},"thumbnailUrl":"https:\/\/novmar.pl\/wp-content\/uploads\/2024\/09\/narada-1.webp","inLanguage":"en-US","potentialAction":[{"@type":"CommentAction","name":"Comment","target":["https:\/\/novmar.pl\/robocza-narada-przedsiebiorcow-z-przemyslowej-w-balicach-z-wojtami-gmin-zabierzow-i-liszki\/#respond"]}]},{"@type":"WebPage","@id":"https:\/\/novmar.pl\/robocza-narada-przedsiebiorcow-z-przemyslowej-w-balicach-z-wojtami-gmin-zabierzow-i-liszki\/","url":"https:\/\/novmar.pl\/robocza-narada-przedsiebiorcow-z-przemyslowej-w-balicach-z-wojtami-gmin-zabierzow-i-liszki\/","name":"Robocza narada przedsi\u0119biorc\u00f3w z Przemys\u0142owej w Balicach, z W\u00f3jtami Gmin Zabierz\u00f3w i Liszki. - Novmar","isPartOf":{"@id":"https:\/\/novmar.pl\/#website"},"primaryImageOfPage":{"@id":"https:\/\/novmar.pl\/robocza-narada-przedsiebiorcow-z-przemyslowej-w-balicach-z-wojtami-gmin-zabierzow-i-liszki\/#primaryimage"},"image":{"@id":"https:\/\/novmar.pl\/robocza-narada-przedsiebiorcow-z-przemyslowej-w-balicach-z-wojtami-gmin-zabierzow-i-liszki\/#primaryimage"},"thumbnailUrl":"https:\/\/novmar.pl\/wp-content\/uploads\/2024\/09\/narada-1.webp","datePublished":"2024-09-25T08:21:57+00:00","dateModified":"2024-09-25T08:23:48+00:00","breadcrumb":{"@id":"https:\/\/novmar.pl\/robocza-narada-przedsiebiorcow-z-przemyslowej-w-balicach-z-wojtami-gmin-zabierzow-i-liszki\/#breadcrumb"},"inLanguage":"en-US","potentialAction":[{"@type":"ReadAction","target":["https:\/\/novmar.pl\/robocza-narada-przedsiebiorcow-z-przemyslowej-w-balicach-z-wojtami-gmin-zabierzow-i-liszki\/"]}]},{"@type":"ImageObject","inLanguage":"en-US","@id":"https:\/\/novmar.pl\/robocza-narada-przedsiebiorcow-z-przemyslowej-w-balicach-z-wojtami-gmin-zabierzow-i-liszki\/#primaryimage","url":"https:\/\/novmar.pl\/wp-content\/uploads\/2024\/09\/narada-1.webp","contentUrl":"https:\/\/novmar.pl\/wp-content\/uploads\/2024\/09\/narada-1.webp","width":738,"height":1100},{"@type":"BreadcrumbList","@id":"https:\/\/novmar.pl\/robocza-narada-przedsiebiorcow-z-przemyslowej-w-balicach-z-wojtami-gmin-zabierzow-i-liszki\/#breadcrumb","itemListElement":[{"@type":"ListItem","position":1,"name":"Novmar","item":"https:\/\/novmar.pl\/"},{"@type":"ListItem","position":2,"name":"Robocza narada przedsi\u0119biorc\u00f3w z Przemys\u0142owej w Balicach, z W\u00f3jtami Gmin Zabierz\u00f3w i Liszki."}]},{"@type":"WebSite","@id":"https:\/\/novmar.pl\/#website","url":"https:\/\/novmar.pl\/","name":"Novmar","description":"Nasz priorytet to jako\u015b\u0107","publisher":{"@id":"https:\/\/novmar.pl\/#organization"},"potentialAction":[{"@type":"SearchAction","target":{"@type":"EntryPoint","urlTemplate":"https:\/\/novmar.pl\/?s={search_term_string}"},"query-input":{"@type":"PropertyValueSpecification","valueRequired":true,"valueName":"search_term_string"}}],"inLanguage":"en-US"},{"@type":"Organization","@id":"https:\/\/novmar.pl\/#organization","name":"Novmar","url":"https:\/\/novmar.pl\/","logo":{"@type":"ImageObject","inLanguage":"en-US","@id":"https:\/\/novmar.pl\/#\/schema\/logo\/image\/","url":"https:\/\/novmar.pl\/wp-content\/uploads\/2022\/06\/logo-novmar-1.png","contentUrl":"https:\/\/novmar.pl\/wp-content\/uploads\/2022\/06\/logo-novmar-1.png","width":258,"height":69,"caption":"Novmar"},"image":{"@id":"https:\/\/novmar.pl\/#\/schema\/logo\/image\/"}},{"@type":"Person","@id":"https:\/\/novmar.pl\/#\/schema\/person\/80bb6c61d61a080aa5b4fe56a5e4e40a","name":"novmar_office","image":{"@type":"ImageObject","inLanguage":"en-US","@id":"https:\/\/novmar.pl\/#\/schema\/person\/image\/","url":"https:\/\/secure.gravatar.com\/avatar\/2184aa5f0aa07e6f8912c62465e3731c9add21c25b435bb8f20136e814d86daa?s=96&d=mm&r=g","contentUrl":"https:\/\/secure.gravatar.com\/avatar\/2184aa5f0aa07e6f8912c62465e3731c9add21c25b435bb8f20136e814d86daa?s=96&d=mm&r=g","caption":"novmar_office"}}]}},"_links":{"self":[{"href":"https:\/\/novmar.pl\/en\/wp-json\/wp\/v2\/posts\/3323","targetHints":{"allow":["GET"]}}],"collection":[{"href":"https:\/\/novmar.pl\/en\/wp-json\/wp\/v2\/posts"}],"about":[{"href":"https:\/\/novmar.pl\/en\/wp-json\/wp\/v2\/types\/post"}],"author":[{"embeddable":true,"href":"https:\/\/novmar.pl\/en\/wp-json\/wp\/v2\/users\/2"}],"replies":[{"embeddable":true,"href":"https:\/\/novmar.pl\/en\/wp-json\/wp\/v2\/comments?post=3323"}],"version-history":[{"count":3,"href":"https:\/\/novmar.pl\/en\/wp-json\/wp\/v2\/posts\/3323\/revisions"}],"predecessor-version":[{"id":3332,"href":"https:\/\/novmar.pl\/en\/wp-json\/wp\/v2\/posts\/3323\/revisions\/3332"}],"wp:featuredmedia":[{"embeddable":true,"href":"https:\/\/novmar.pl\/en\/wp-json\/wp\/v2\/media\/3324"}],"wp:attachment":[{"href":"https:\/\/novmar.pl\/en\/wp-json\/wp\/v2\/media?parent=3323"}],"wp:term":[{"taxonomy":"category","embeddable":true,"href":"https:\/\/novmar.pl\/en\/wp-json\/wp\/v2\/categories?post=3323"},{"taxonomy":"post_tag","embeddable":true,"href":"https:\/\/novmar.pl\/en\/wp-json\/wp\/v2\/tags?post=3323"}],"curies":[{"name":"wp","href":"https:\/\/api.w.org\/{rel}","templated":true}]}}